{"id":2792,"date":"2023-11-11T18:46:15","date_gmt":"2023-11-11T17:46:15","guid":{"rendered":"https:\/\/tinamerandon.com\/?p=2792"},"modified":"2023-11-13T12:29:00","modified_gmt":"2023-11-13T11:29:00","slug":"publication-anima-et-rebonds","status":"publish","type":"post","link":"https:\/\/tinamerandon.com\/?p=2792","title":{"rendered":"Publication : Anima et Rebonds"},"content":{"rendered":"\t\t<div data-elementor-type=\"wp-post\" data-elementor-id=\"2792\" class=\"elementor elementor-2792\" data-elementor-post-type=\"post\">\n\t\t\t\t\t\t<section class=\"elementor-section elementor-top-section elementor-element elementor-element-cb4711a elementor-section-full_width elementor-section-height-default elementor-section-height-default wpr-particle-no wpr-jarallax-no wpr-parallax-no wpr-sticky-section-no\" data-id=\"cb4711a\" data-element_type=\"section\" data-e-type=\"section\">\n\t\t\t\t\t\t<div class=\"elementor-container elementor-column-gap-extended\">\n\t\t\t\t\t<div class=\"elementor-column elementor-col-16 elementor-top-column elementor-element elementor-element-58a94b50\" data-id=\"58a94b50\" data-element_type=\"column\" data-e-type=\"column\">\n\t\t\t<div class=\"elementor-widget-wrap elementor-element-populated\">\n\t\t\t\t\t\t<div class=\"elementor-element elementor-element-57b1da24 elementor-widget elementor-widget-heading\" data-id=\"57b1da24\" data-element_type=\"widget\" data-e-type=\"widget\" data-widget_type=\"heading.default\">\n\t\t\t\t<div class=\"elementor-widget-container\">\n\t\t\t\t\t<h2 class=\"elementor-heading-title elementor-size-default\"><a href=\"https:\/\/tinamerandon.com\">Tina Merandon<\/a><\/h2>\t\t\t\t<\/div>\n\t\t\t\t<\/div>\n\t\t\t\t<div class=\"elementor-element elementor-element-6eb85613 elementor-nav-menu__align-center elementor-nav-menu__text-align-center elementor-nav-menu--dropdown-tablet elementor-nav-menu--toggle elementor-nav-menu--burger elementor-widget elementor-widget-nav-menu\" data-id=\"6eb85613\" data-element_type=\"widget\" data-e-type=\"widget\" data-settings=\"{&quot;layout&quot;:&quot;vertical&quot;,&quot;submenu_icon&quot;:{&quot;value&quot;:&quot;&lt;i class=\\&quot;fas fa-caret-down\\&quot;&gt;&lt;\\\/i&gt;&quot;,&quot;library&quot;:&quot;fa-solid&quot;},&quot;toggle&quot;:&quot;burger&quot;}\" data-widget_type=\"nav-menu.default\">\n\t\t\t\t<div class=\"elementor-widget-container\">\n\t\t\t\t\t\t\t\t<nav aria-label=\"Menu\" class=\"elementor-nav-menu--main elementor-nav-menu__container elementor-nav-menu--layout-vertical e--pointer-none\">\n\t\t\t\t<ul id=\"menu-1-6eb85613\" class=\"elementor-nav-menu sm-vertical\"><li class=\"menu-item menu-item-type-post_type menu-item-object-page menu-item-45\"><a href=\"https:\/\/tinamerandon.com\/?page_id=43\" class=\"elementor-item\">\u0152uvres \/ Works<\/a><\/li>\n<li class=\"menu-item menu-item-type-post_type menu-item-object-page menu-item-175\"><a href=\"https:\/\/tinamerandon.com\/?page_id=172\" class=\"elementor-item\">Actualit\u00e9s \/ News<\/a><\/li>\n<li class=\"menu-item menu-item-type-post_type menu-item-object-page menu-item-550\"><a href=\"https:\/\/tinamerandon.com\/?page_id=546\" class=\"elementor-item\">Publications<\/a><\/li>\n<li class=\"menu-item menu-item-type-post_type menu-item-object-page menu-item-46\"><a href=\"https:\/\/tinamerandon.com\/?page_id=13\" class=\"elementor-item\">Biographie<\/a><\/li>\n<li class=\"menu-item menu-item-type-post_type menu-item-object-page menu-item-24\"><a href=\"https:\/\/tinamerandon.com\/?page_id=14\" class=\"elementor-item\">Contact<\/a><\/li>\n<\/ul>\t\t\t<\/nav>\n\t\t\t\t\t<div class=\"elementor-menu-toggle\" role=\"button\" tabindex=\"0\" aria-label=\"Menu Toggle\" aria-expanded=\"false\">\n\t\t\t<i aria-hidden=\"true\" role=\"presentation\" class=\"elementor-menu-toggle__icon--open eicon-menu-bar\"><\/i><i aria-hidden=\"true\" role=\"presentation\" class=\"elementor-menu-toggle__icon--close eicon-close\"><\/i>\t\t<\/div>\n\t\t\t\t\t<nav class=\"elementor-nav-menu--dropdown elementor-nav-menu__container\" aria-hidden=\"true\">\n\t\t\t\t<ul id=\"menu-2-6eb85613\" class=\"elementor-nav-menu sm-vertical\"><li class=\"menu-item menu-item-type-post_type menu-item-object-page menu-item-45\"><a href=\"https:\/\/tinamerandon.com\/?page_id=43\" class=\"elementor-item\" tabindex=\"-1\">\u0152uvres \/ Works<\/a><\/li>\n<li class=\"menu-item menu-item-type-post_type menu-item-object-page menu-item-175\"><a href=\"https:\/\/tinamerandon.com\/?page_id=172\" class=\"elementor-item\" tabindex=\"-1\">Actualit\u00e9s \/ News<\/a><\/li>\n<li class=\"menu-item menu-item-type-post_type menu-item-object-page menu-item-550\"><a href=\"https:\/\/tinamerandon.com\/?page_id=546\" class=\"elementor-item\" tabindex=\"-1\">Publications<\/a><\/li>\n<li class=\"menu-item menu-item-type-post_type menu-item-object-page menu-item-46\"><a href=\"https:\/\/tinamerandon.com\/?page_id=13\" class=\"elementor-item\" tabindex=\"-1\">Biographie<\/a><\/li>\n<li class=\"menu-item menu-item-type-post_type menu-item-object-page menu-item-24\"><a href=\"https:\/\/tinamerandon.com\/?page_id=14\" class=\"elementor-item\" tabindex=\"-1\">Contact<\/a><\/li>\n<\/ul>\t\t\t<\/nav>\n\t\t\t\t\t\t<\/div>\n\t\t\t\t<\/div>\n\t\t\t\t<div class=\"elementor-element elementor-element-1e070eb6 elementor-grid-1 elementor-hidden-mobile elementor-shape-rounded e-grid-align-center elementor-widget elementor-widget-social-icons\" data-id=\"1e070eb6\" data-element_type=\"widget\" data-e-type=\"widget\" data-widget_type=\"social-icons.default\">\n\t\t\t\t<div class=\"elementor-widget-container\">\n\t\t\t\t\t\t\t<div class=\"elementor-social-icons-wrapper elementor-grid\" role=\"list\">\n\t\t\t\t\t\t\t<span class=\"elementor-grid-item\" role=\"listitem\">\n\t\t\t\t\t<a class=\"elementor-icon elementor-social-icon elementor-social-icon-instagram elementor-animation-push elementor-repeater-item-0a1b764\" href=\"https:\/\/www.instagram.com\/merandontina\/?hl=fr\" target=\"_blank\">\n\t\t\t\t\t\t<span class=\"elementor-screen-only\">Instagram<\/span>\n\t\t\t\t\t\t<i aria-hidden=\"true\" class=\"fab fa-instagram\"><\/i>\t\t\t\t\t<\/a>\n\t\t\t\t<\/span>\n\t\t\t\t\t\t\t<span class=\"elementor-grid-item\" role=\"listitem\">\n\t\t\t\t\t<a class=\"elementor-icon elementor-social-icon elementor-social-icon-facebook elementor-animation-push elementor-repeater-item-60f8584\" href=\"https:\/\/www.facebook.com\/tina.merandon\" target=\"_blank\">\n\t\t\t\t\t\t<span class=\"elementor-screen-only\">Facebook<\/span>\n\t\t\t\t\t\t<i aria-hidden=\"true\" class=\"fab fa-facebook\"><\/i>\t\t\t\t\t<\/a>\n\t\t\t\t<\/span>\n\t\t\t\t\t\t\t<span class=\"elementor-grid-item\" role=\"listitem\">\n\t\t\t\t\t<a class=\"elementor-icon elementor-social-icon elementor-social-icon-envelope elementor-animation-push elementor-repeater-item-a6272c1\" href=\"http:\/\/tina.merandon@free.fr\" target=\"_blank\">\n\t\t\t\t\t\t<span class=\"elementor-screen-only\">Envelope<\/span>\n\t\t\t\t\t\t<i aria-hidden=\"true\" class=\"fas fa-envelope\"><\/i>\t\t\t\t\t<\/a>\n\t\t\t\t<\/span>\n\t\t\t\t\t<\/div>\n\t\t\t\t\t\t<\/div>\n\t\t\t\t<\/div>\n\t\t\t\t\t<\/div>\n\t\t<\/div>\n\t\t\t\t<div class=\"elementor-column elementor-col-66 elementor-top-column elementor-element elementor-element-22d1246b\" data-id=\"22d1246b\" data-element_type=\"column\" data-e-type=\"column\">\n\t\t\t<div class=\"elementor-widget-wrap elementor-element-populated\">\n\t\t\t\t\t\t<div class=\"elementor-element elementor-element-f2f8d26 elementor-widget elementor-widget-text-editor\" data-id=\"f2f8d26\" data-element_type=\"widget\" data-e-type=\"widget\" data-widget_type=\"text-editor.default\">\n\t\t\t\t<div class=\"elementor-widget-container\">\n\t\t\t\t\t\t\t\t\t<p style=\"text-align: center;\"><strong><span style=\"color: #000000;\">Anima et Rebonds<\/span><\/strong><\/p><p style=\"text-align: center;\">Cet ouvrage a \u00e9t\u00e9 r\u00e9alis\u00e9 \u00e0 l\u2019occasion de la r\u00e9sidence de Tina Merandon \u00e0 Ch\u00e2teau &#8211; Thierry dans le cadre du dispositif de la DRAC \u00ab Artiste \u00e0 territoire \u00bb<br \/><br \/>Date de parution : 2022<br \/><br \/>Pr\u00e9face : Vincent Lecomte et Thyphaine Granger<br \/>Textes : Tina Merandon et Vincent Lecomte <br \/>Conception graphique et mise en page : Tom et Delhia, T&amp;D Studio<br \/>Ouvrage compos\u00e9 en Maax, 205 TF<br \/>Format : 22 cm x 28 cm <br \/>86 pages <br \/>ISBN : 978-2-9532445-5-6<\/p>\t\t\t\t\t\t\t\t<\/div>\n\t\t\t\t<\/div>\n\t\t\t\t<div class=\"elementor-element elementor-element-f5b257e elementor-widget elementor-widget-image\" data-id=\"f5b257e\" data-element_type=\"widget\" data-e-type=\"widget\" data-widget_type=\"image.default\">\n\t\t\t\t<div class=\"elementor-widget-container\">\n\t\t\t\t\t\t\t\t\t\t\t\t\t\t\t<img fetchpriority=\"high\" decoding=\"async\" width=\"596\" height=\"766\" src=\"https:\/\/tinamerandon.com\/wp-content\/uploads\/2023\/11\/couverture__1.jpg\" class=\"attachment-full size-full wp-image-2797\" alt=\"\" srcset=\"https:\/\/tinamerandon.com\/wp-content\/uploads\/2023\/11\/couverture__1.jpg 596w, https:\/\/tinamerandon.com\/wp-content\/uploads\/2023\/11\/couverture__1-233x300.jpg 233w\" sizes=\"(max-width: 596px) 100vw, 596px\" \/>\t\t\t\t\t\t\t\t\t\t\t\t\t\t\t<\/div>\n\t\t\t\t<\/div>\n\t\t\t\t<div class=\"elementor-element elementor-element-3896865 elementor-widget elementor-widget-text-editor\" data-id=\"3896865\" data-element_type=\"widget\" data-e-type=\"widget\" data-widget_type=\"text-editor.default\">\n\t\t\t\t<div class=\"elementor-widget-container\">\n\t\t\t\t\t\t\t\t\t<p>\u00c0 Ch\u00e2teau &#8211; Thierry, ville natale de Jean de La Fontaine, Tina Merandon a pass\u00e9 plus d\u2019un an en r\u00e9sidence \u00ab artiste \u00e0 territoire \u00bb pour \u00e9tablir des liens avec les habitants et engager un travail de recherche et de cr\u00e9ation.<\/p><p>Dans Anima, elle interroge la relation fusionnelle mais parfois contradictoire de l\u2019enfant et de son animal de compagnie. Le corps &#8211; \u00e0 &#8211; corps, parfois chahut\u00e9, propre \u00e0 son \u00e9criture photographique, prend alors une forme particuli\u00e8re, \u00e9trange et famili\u00e8re.<\/p><p>Dans Rebonds, la photographe c\u00f4toie au plus pr\u00e8s les rapaces et l\u2019\u00e9quipe des fauconniers du parc des Aigles situ\u00e9 au c\u0153ur du ch\u00e2teau m\u00e9di\u00e9val. C\u2019est l\u2019occasion d\u2019une v\u00e9ritable immersion dans un monde o\u00f9 la fronti\u00e8re entre vie sauvage et captivit\u00e9 reste fine et complexe. L\u2019enchantement dirige l\u2019ensemble : le merveilleux et la magie sont \u00e0 retrouver dans ce dialogue singulier.<\/p>\t\t\t\t\t\t\t\t<\/div>\n\t\t\t\t<\/div>\n\t\t\t\t<div class=\"elementor-element elementor-element-6062203 elementor-hidden-desktop elementor-hidden-tablet elementor-widget-divider--view-line elementor-widget elementor-widget-divider\" data-id=\"6062203\" data-element_type=\"widget\" data-e-type=\"widget\" data-widget_type=\"divider.default\">\n\t\t\t\t<div class=\"elementor-widget-container\">\n\t\t\t\t\t\t\t<div class=\"elementor-divider\">\n\t\t\t<span class=\"elementor-divider-separator\">\n\t\t\t\t\t\t<\/span>\n\t\t<\/div>\n\t\t\t\t\t\t<\/div>\n\t\t\t\t<\/div>\n\t\t\t\t\t<\/div>\n\t\t<\/div>\n\t\t\t\t<div class=\"elementor-column elementor-col-16 elementor-top-column elementor-element elementor-element-53f92f92\" data-id=\"53f92f92\" data-element_type=\"column\" data-e-type=\"column\">\n\t\t\t<div class=\"elementor-widget-wrap\">\n\t\t\t\t\t\t\t<\/div>\n\t\t<\/div>\n\t\t\t\t\t<\/div>\n\t\t<\/section>\n\t\t\t\t<\/div>\n\t\t","protected":false},"excerpt":{"rendered":"<p>Tina Merandon Instagram Facebook Envelope Anima et Rebonds Cet ouvrage a \u00e9t\u00e9 r\u00e9alis\u00e9 \u00e0 l\u2019occasion de la r\u00e9sidence de Tina Merandon \u00e0 Ch\u00e2teau &#8211; Thierry dans le cadre du dispositif de la DRAC \u00ab Artiste \u00e0 territoire \u00bb Date de parution : 2022 Pr\u00e9face : Vincent Lecomte et Thyphaine GrangerTextes : Tina Merandon et Vincent Lecomte Conception graphique et mise en page : Tom et Delhia, T&amp;D StudioOuvrage compos\u00e9 en Maax, 205 TFFormat : 22 cm x 28 cm 86 pages ISBN : 978-2-9532445-5-6 \u00c0 Ch\u00e2teau &#8211; Thierry, ville natale de Jean de La Fontaine, Tina Merandon a pass\u00e9 plus d\u2019un an en r\u00e9sidence \u00ab artiste \u00e0 territoire \u00bb pour \u00e9tablir des liens avec les habitants et engager un travail de recherche et de cr\u00e9ation. Dans Anima, elle interroge la relation fusionnelle mais parfois contradictoire de l\u2019enfant et de son animal de compagnie. Le corps &#8211; \u00e0 &#8211; corps, parfois chahut\u00e9, propre \u00e0 son \u00e9criture photographique, prend alors une forme particuli\u00e8re, \u00e9trange et famili\u00e8re. Dans Rebonds, la photographe c\u00f4toie au plus pr\u00e8s les rapaces et l\u2019\u00e9quipe des fauconniers du parc des Aigles situ\u00e9 au c\u0153ur du ch\u00e2teau m\u00e9di\u00e9val. C\u2019est l\u2019occasion d\u2019une v\u00e9ritable immersion dans un monde o\u00f9 la fronti\u00e8re entre vie sauvage et captivit\u00e9 reste fine et complexe. L\u2019enchantement dirige l\u2019ensemble : le merveilleux et la magie sont \u00e0 retrouver dans ce dialogue singulier.<\/p>\n","protected":false},"author":1,"featured_media":2797,"comment_status":"closed","ping_status":"closed","sticky":false,"template":"","format":"standard","meta":{"om_disable_all_campaigns":false,"_monsterinsights_skip_tracking":false,"_monsterinsights_sitenote_active":false,"_monsterinsights_sitenote_note":"","_monsterinsights_sitenote_category":0,"footnotes":""},"categories":[11],"tags":[],"class_list":["post-2792","post","type-post","status-publish","format-standard","has-post-thumbnail","hentry","category-publications"],"aioseo_notices":[],"_links":{"self":[{"href":"https:\/\/tinamerandon.com\/index.php?rest_route=\/wp\/v2\/posts\/2792","targetHints":{"allow":["GET"]}}],"collection":[{"href":"https:\/\/tinamerandon.com\/index.php?rest_route=\/wp\/v2\/posts"}],"about":[{"href":"https:\/\/tinamerandon.com\/index.php?rest_route=\/wp\/v2\/types\/post"}],"author":[{"embeddable":true,"href":"https:\/\/tinamerandon.com\/index.php?rest_route=\/wp\/v2\/users\/1"}],"replies":[{"embeddable":true,"href":"https:\/\/tinamerandon.com\/index.php?rest_route=%2Fwp%2Fv2%2Fcomments&post=2792"}],"version-history":[{"count":13,"href":"https:\/\/tinamerandon.com\/index.php?rest_route=\/wp\/v2\/posts\/2792\/revisions"}],"predecessor-version":[{"id":2996,"href":"https:\/\/tinamerandon.com\/index.php?rest_route=\/wp\/v2\/posts\/2792\/revisions\/2996"}],"wp:featuredmedia":[{"embeddable":true,"href":"https:\/\/tinamerandon.com\/index.php?rest_route=\/wp\/v2\/media\/2797"}],"wp:attachment":[{"href":"https:\/\/tinamerandon.com\/index.php?rest_route=%2Fwp%2Fv2%2Fmedia&parent=2792"}],"wp:term":[{"taxonomy":"category","embeddable":true,"href":"https:\/\/tinamerandon.com\/index.php?rest_route=%2Fwp%2Fv2%2Fcategories&post=2792"},{"taxonomy":"post_tag","embeddable":true,"href":"https:\/\/tinamerandon.com\/index.php?rest_route=%2Fwp%2Fv2%2Ftags&post=2792"}],"curies":[{"name":"wp","href":"https:\/\/api.w.org\/{rel}","templated":true}]}}