{"id":2737,"date":"2023-11-11T12:50:00","date_gmt":"2023-11-11T11:50:00","guid":{"rendered":"https:\/\/tinamerandon.com\/?p=2737"},"modified":"2023-11-22T12:48:22","modified_gmt":"2023-11-22T11:48:22","slug":"humain-animal-se-reconnaitre-musee-de-labbaye-de-saint-claude","status":"publish","type":"post","link":"https:\/\/tinamerandon.com\/?p=2737","title":{"rendered":"\u00ab Humain, animal \u2013 Se reconna\u00eetre \u00bb Mus\u00e9e de l\u2019Abbaye de Saint &#8211; Claude"},"content":{"rendered":"\t\t<div data-elementor-type=\"wp-post\" data-elementor-id=\"2737\" class=\"elementor elementor-2737\" data-elementor-post-type=\"post\">\n\t\t\t\t\t\t<section class=\"elementor-section elementor-top-section elementor-element elementor-element-209ba0c8 elementor-section-full_width elementor-section-height-default elementor-section-height-default wpr-particle-no wpr-jarallax-no wpr-parallax-no wpr-sticky-section-no\" data-id=\"209ba0c8\" data-element_type=\"section\" data-e-type=\"section\">\n\t\t\t\t\t\t<div class=\"elementor-container elementor-column-gap-extended\">\n\t\t\t\t\t<div class=\"elementor-column elementor-col-16 elementor-top-column elementor-element elementor-element-28e6f712\" data-id=\"28e6f712\" data-element_type=\"column\" data-e-type=\"column\">\n\t\t\t<div class=\"elementor-widget-wrap elementor-element-populated\">\n\t\t\t\t\t\t<div class=\"elementor-element elementor-element-4d520e55 elementor-widget elementor-widget-heading\" data-id=\"4d520e55\" data-element_type=\"widget\" data-e-type=\"widget\" data-widget_type=\"heading.default\">\n\t\t\t\t<div class=\"elementor-widget-container\">\n\t\t\t\t\t<h2 class=\"elementor-heading-title elementor-size-default\"><a href=\"https:\/\/tinamerandon.com\">Tina Merandon<\/a><\/h2>\t\t\t\t<\/div>\n\t\t\t\t<\/div>\n\t\t\t\t<div class=\"elementor-element elementor-element-2b533548 elementor-nav-menu__align-center elementor-nav-menu__text-align-center elementor-nav-menu--dropdown-tablet elementor-nav-menu--toggle elementor-nav-menu--burger elementor-widget elementor-widget-nav-menu\" data-id=\"2b533548\" data-element_type=\"widget\" data-e-type=\"widget\" data-settings=\"{&quot;layout&quot;:&quot;vertical&quot;,&quot;submenu_icon&quot;:{&quot;value&quot;:&quot;&lt;i class=\\&quot;fas fa-caret-down\\&quot;&gt;&lt;\\\/i&gt;&quot;,&quot;library&quot;:&quot;fa-solid&quot;},&quot;toggle&quot;:&quot;burger&quot;}\" data-widget_type=\"nav-menu.default\">\n\t\t\t\t<div class=\"elementor-widget-container\">\n\t\t\t\t\t\t\t\t<nav aria-label=\"Menu\" class=\"elementor-nav-menu--main elementor-nav-menu__container elementor-nav-menu--layout-vertical e--pointer-none\">\n\t\t\t\t<ul id=\"menu-1-2b533548\" class=\"elementor-nav-menu sm-vertical\"><li class=\"menu-item menu-item-type-post_type menu-item-object-page menu-item-45\"><a href=\"https:\/\/tinamerandon.com\/?page_id=43\" class=\"elementor-item\">\u0152uvres \/ Works<\/a><\/li>\n<li class=\"menu-item menu-item-type-post_type menu-item-object-page menu-item-175\"><a href=\"https:\/\/tinamerandon.com\/?page_id=172\" class=\"elementor-item\">Actualit\u00e9s \/ News<\/a><\/li>\n<li class=\"menu-item menu-item-type-post_type menu-item-object-page menu-item-550\"><a href=\"https:\/\/tinamerandon.com\/?page_id=546\" class=\"elementor-item\">Publications<\/a><\/li>\n<li class=\"menu-item menu-item-type-post_type menu-item-object-page menu-item-46\"><a href=\"https:\/\/tinamerandon.com\/?page_id=13\" class=\"elementor-item\">Biographie<\/a><\/li>\n<li class=\"menu-item menu-item-type-post_type menu-item-object-page menu-item-24\"><a href=\"https:\/\/tinamerandon.com\/?page_id=14\" class=\"elementor-item\">Contact<\/a><\/li>\n<\/ul>\t\t\t<\/nav>\n\t\t\t\t\t<div class=\"elementor-menu-toggle\" role=\"button\" tabindex=\"0\" aria-label=\"Menu Toggle\" aria-expanded=\"false\">\n\t\t\t<i aria-hidden=\"true\" role=\"presentation\" class=\"elementor-menu-toggle__icon--open eicon-menu-bar\"><\/i><i aria-hidden=\"true\" role=\"presentation\" class=\"elementor-menu-toggle__icon--close eicon-close\"><\/i>\t\t<\/div>\n\t\t\t\t\t<nav class=\"elementor-nav-menu--dropdown elementor-nav-menu__container\" aria-hidden=\"true\">\n\t\t\t\t<ul id=\"menu-2-2b533548\" class=\"elementor-nav-menu sm-vertical\"><li class=\"menu-item menu-item-type-post_type menu-item-object-page menu-item-45\"><a href=\"https:\/\/tinamerandon.com\/?page_id=43\" class=\"elementor-item\" tabindex=\"-1\">\u0152uvres \/ Works<\/a><\/li>\n<li class=\"menu-item menu-item-type-post_type menu-item-object-page menu-item-175\"><a href=\"https:\/\/tinamerandon.com\/?page_id=172\" class=\"elementor-item\" tabindex=\"-1\">Actualit\u00e9s \/ News<\/a><\/li>\n<li class=\"menu-item menu-item-type-post_type menu-item-object-page menu-item-550\"><a href=\"https:\/\/tinamerandon.com\/?page_id=546\" class=\"elementor-item\" tabindex=\"-1\">Publications<\/a><\/li>\n<li class=\"menu-item menu-item-type-post_type menu-item-object-page menu-item-46\"><a href=\"https:\/\/tinamerandon.com\/?page_id=13\" class=\"elementor-item\" tabindex=\"-1\">Biographie<\/a><\/li>\n<li class=\"menu-item menu-item-type-post_type menu-item-object-page menu-item-24\"><a href=\"https:\/\/tinamerandon.com\/?page_id=14\" class=\"elementor-item\" tabindex=\"-1\">Contact<\/a><\/li>\n<\/ul>\t\t\t<\/nav>\n\t\t\t\t\t\t<\/div>\n\t\t\t\t<\/div>\n\t\t\t\t<div class=\"elementor-element elementor-element-327ca6f6 elementor-grid-1 elementor-hidden-mobile elementor-shape-rounded e-grid-align-center elementor-widget elementor-widget-social-icons\" data-id=\"327ca6f6\" data-element_type=\"widget\" data-e-type=\"widget\" data-widget_type=\"social-icons.default\">\n\t\t\t\t<div class=\"elementor-widget-container\">\n\t\t\t\t\t\t\t<div class=\"elementor-social-icons-wrapper elementor-grid\" role=\"list\">\n\t\t\t\t\t\t\t<span class=\"elementor-grid-item\" role=\"listitem\">\n\t\t\t\t\t<a class=\"elementor-icon elementor-social-icon elementor-social-icon-instagram elementor-animation-push elementor-repeater-item-0a1b764\" href=\"https:\/\/www.instagram.com\/merandontina\/?hl=fr\" target=\"_blank\">\n\t\t\t\t\t\t<span class=\"elementor-screen-only\">Instagram<\/span>\n\t\t\t\t\t\t<i aria-hidden=\"true\" class=\"fab fa-instagram\"><\/i>\t\t\t\t\t<\/a>\n\t\t\t\t<\/span>\n\t\t\t\t\t\t\t<span class=\"elementor-grid-item\" role=\"listitem\">\n\t\t\t\t\t<a class=\"elementor-icon elementor-social-icon elementor-social-icon-facebook elementor-animation-push elementor-repeater-item-60f8584\" href=\"https:\/\/www.facebook.com\/tina.merandon\" target=\"_blank\">\n\t\t\t\t\t\t<span class=\"elementor-screen-only\">Facebook<\/span>\n\t\t\t\t\t\t<i aria-hidden=\"true\" class=\"fab fa-facebook\"><\/i>\t\t\t\t\t<\/a>\n\t\t\t\t<\/span>\n\t\t\t\t\t\t\t<span class=\"elementor-grid-item\" role=\"listitem\">\n\t\t\t\t\t<a class=\"elementor-icon elementor-social-icon elementor-social-icon-envelope elementor-animation-push elementor-repeater-item-a6272c1\" href=\"http:\/\/tina.merandon@free.fr\" target=\"_blank\">\n\t\t\t\t\t\t<span class=\"elementor-screen-only\">Envelope<\/span>\n\t\t\t\t\t\t<i aria-hidden=\"true\" class=\"fas fa-envelope\"><\/i>\t\t\t\t\t<\/a>\n\t\t\t\t<\/span>\n\t\t\t\t\t<\/div>\n\t\t\t\t\t\t<\/div>\n\t\t\t\t<\/div>\n\t\t\t\t\t<\/div>\n\t\t<\/div>\n\t\t\t\t<div class=\"elementor-column elementor-col-66 elementor-top-column elementor-element elementor-element-67e39abb\" data-id=\"67e39abb\" data-element_type=\"column\" data-e-type=\"column\">\n\t\t\t<div class=\"elementor-widget-wrap elementor-element-populated\">\n\t\t\t\t\t\t<div class=\"elementor-element elementor-element-44fb436 elementor-widget elementor-widget-text-editor\" data-id=\"44fb436\" data-element_type=\"widget\" data-e-type=\"widget\" data-widget_type=\"text-editor.default\">\n\t\t\t\t<div class=\"elementor-widget-container\">\n\t\t\t\t\t\t\t\t\t<p style=\"text-align: center;\"><strong><span style=\"color: #000000;\">\u00ab Humain, animal \u2013 Se reconna\u00eetre \u00bb <\/span><\/strong><br \/><strong><span style=\"color: #000000;\">Mus\u00e9e de l\u2019Abbaye de Saint &#8211; Claude<\/span><\/strong><\/p><p style=\"text-align: center;\"><strong><span style=\"color: #000000;\">Du 13 octobre 2022 au 17 septembre 2023<\/span><\/strong><\/p><p style=\"text-align: left;\">Une exposition rassemble pr\u00e8s d\u2019une trentaine d\u2019\u0153uvres d\u2019art contemporain m\u00eal\u00e9es \u00e0 un choix de repr\u00e9sentations animali\u00e8res issues de la collection du mus\u00e9e de l\u2019Abbaye.<\/p><p style=\"text-align: left;\">Au fil des salles, l\u2019exposition interroge notre rapport \u00e0 la nature et aux animaux. Un dialogue se tisse entre la b\u00eate et l\u2019homme : de l\u2019animal sauvage tot\u00e9mique repr\u00e9sent\u00e9 au sein d\u2019un Eden onirique o\u00f9 l\u2019homme, l\u2019animal et la nature fusionnent dans les repr\u00e9sentations dessin\u00e9es de Tom Tirabosco, aux sculptures d\u2019animaux monochromes et \u00e9pur\u00e9es de Xavier Veilhan, en passant par le saisissement fulgurant du passage des faucons dans les images de Tina Merandon&#8230; une r\u00e9flexion sur notre propre rapport \u00e0 l\u2019animalit\u00e9 se construit.<\/p>\t\t\t\t\t\t\t\t<\/div>\n\t\t\t\t<\/div>\n\t\t\t\t<div class=\"elementor-element elementor-element-4474a3e0 elementor-widget elementor-widget-image\" data-id=\"4474a3e0\" data-element_type=\"widget\" data-e-type=\"widget\" data-widget_type=\"image.default\">\n\t\t\t\t<div class=\"elementor-widget-container\">\n\t\t\t\t\t\t\t\t\t\t\t\t\t\t\t<img fetchpriority=\"high\" decoding=\"async\" width=\"659\" height=\"591\" src=\"https:\/\/tinamerandon.com\/wp-content\/uploads\/2023\/11\/carton2.jpg\" class=\"attachment-full size-full wp-image-2741\" alt=\"\" srcset=\"https:\/\/tinamerandon.com\/wp-content\/uploads\/2023\/11\/carton2.jpg 659w, https:\/\/tinamerandon.com\/wp-content\/uploads\/2023\/11\/carton2-300x269.jpg 300w\" sizes=\"(max-width: 659px) 100vw, 659px\" \/>\t\t\t\t\t\t\t\t\t\t\t\t\t\t\t<\/div>\n\t\t\t\t<\/div>\n\t\t\t\t<div class=\"elementor-element elementor-element-d23ca5f elementor-hidden-desktop elementor-hidden-tablet elementor-widget-divider--view-line elementor-widget elementor-widget-divider\" data-id=\"d23ca5f\" data-element_type=\"widget\" data-e-type=\"widget\" data-widget_type=\"divider.default\">\n\t\t\t\t<div class=\"elementor-widget-container\">\n\t\t\t\t\t\t\t<div class=\"elementor-divider\">\n\t\t\t<span class=\"elementor-divider-separator\">\n\t\t\t\t\t\t<\/span>\n\t\t<\/div>\n\t\t\t\t\t\t<\/div>\n\t\t\t\t<\/div>\n\t\t\t\t\t<\/div>\n\t\t<\/div>\n\t\t\t\t<div class=\"elementor-column elementor-col-16 elementor-top-column elementor-element elementor-element-3d95662b\" data-id=\"3d95662b\" data-element_type=\"column\" data-e-type=\"column\">\n\t\t\t<div class=\"elementor-widget-wrap\">\n\t\t\t\t\t\t\t<\/div>\n\t\t<\/div>\n\t\t\t\t\t<\/div>\n\t\t<\/section>\n\t\t\t\t<\/div>\n\t\t","protected":false},"excerpt":{"rendered":"<p>Tina Merandon Instagram Facebook Envelope \u00ab Humain, animal \u2013 Se reconna\u00eetre \u00bb Mus\u00e9e de l\u2019Abbaye de Saint &#8211; Claude Du 13 octobre 2022 au 17 septembre 2023 Une exposition rassemble pr\u00e8s d\u2019une trentaine d\u2019\u0153uvres d\u2019art contemporain m\u00eal\u00e9es \u00e0 un choix de repr\u00e9sentations animali\u00e8res issues de la collection du mus\u00e9e de l\u2019Abbaye. Au fil des salles, l\u2019exposition interroge notre rapport \u00e0 la nature et aux animaux. Un dialogue se tisse entre la b\u00eate et l\u2019homme : de l\u2019animal sauvage tot\u00e9mique repr\u00e9sent\u00e9 au sein d\u2019un Eden onirique o\u00f9 l\u2019homme, l\u2019animal et la nature fusionnent dans les repr\u00e9sentations dessin\u00e9es de Tom Tirabosco, aux sculptures d\u2019animaux monochromes et \u00e9pur\u00e9es de Xavier Veilhan, en passant par le saisissement fulgurant du passage des faucons dans les images de Tina Merandon&#8230; une r\u00e9flexion sur notre propre rapport \u00e0 l\u2019animalit\u00e9 se construit.<\/p>\n","protected":false},"author":1,"featured_media":2741,"comment_status":"closed","ping_status":"closed","sticky":false,"template":"","format":"standard","meta":{"om_disable_all_campaigns":false,"_monsterinsights_skip_tracking":false,"_monsterinsights_sitenote_active":false,"_monsterinsights_sitenote_note":"","_monsterinsights_sitenote_category":0,"footnotes":""},"categories":[10],"tags":[],"class_list":["post-2737","post","type-post","status-publish","format-standard","has-post-thumbnail","hentry","category-actualites"],"aioseo_notices":[],"_links":{"self":[{"href":"https:\/\/tinamerandon.com\/index.php?rest_route=\/wp\/v2\/posts\/2737","targetHints":{"allow":["GET"]}}],"collection":[{"href":"https:\/\/tinamerandon.com\/index.php?rest_route=\/wp\/v2\/posts"}],"about":[{"href":"https:\/\/tinamerandon.com\/index.php?rest_route=\/wp\/v2\/types\/post"}],"author":[{"embeddable":true,"href":"https:\/\/tinamerandon.com\/index.php?rest_route=\/wp\/v2\/users\/1"}],"replies":[{"embeddable":true,"href":"https:\/\/tinamerandon.com\/index.php?rest_route=%2Fwp%2Fv2%2Fcomments&post=2737"}],"version-history":[{"count":14,"href":"https:\/\/tinamerandon.com\/index.php?rest_route=\/wp\/v2\/posts\/2737\/revisions"}],"predecessor-version":[{"id":2963,"href":"https:\/\/tinamerandon.com\/index.php?rest_route=\/wp\/v2\/posts\/2737\/revisions\/2963"}],"wp:featuredmedia":[{"embeddable":true,"href":"https:\/\/tinamerandon.com\/index.php?rest_route=\/wp\/v2\/media\/2741"}],"wp:attachment":[{"href":"https:\/\/tinamerandon.com\/index.php?rest_route=%2Fwp%2Fv2%2Fmedia&parent=2737"}],"wp:term":[{"taxonomy":"category","embeddable":true,"href":"https:\/\/tinamerandon.com\/index.php?rest_route=%2Fwp%2Fv2%2Fcategories&post=2737"},{"taxonomy":"post_tag","embeddable":true,"href":"https:\/\/tinamerandon.com\/index.php?rest_route=%2Fwp%2Fv2%2Ftags&post=2737"}],"curies":[{"name":"wp","href":"https:\/\/api.w.org\/{rel}","templated":true}]}}